		
		{"items":"\t\t\t<link rel=\"stylesheet\" id=\"wd-photoswipe-css\" href=\"https:\/\/www.pofocim.sk\/wp-content\/themes\/woodmart\/css\/parts\/lib-photoswipe.min.css?ver=7.6.0\" type=\"text\/css\" media=\"all\" \/> \t\t\t\t\t\t<link rel=\"stylesheet\" id=\"wd-project-text-hover-css\" href=\"https:\/\/www.pofocim.sk\/wp-content\/themes\/woodmart\/css\/parts\/project-text-hover.min.css?ver=7.6.0\" type=\"text\/css\" media=\"all\" \/> \t\t\t\n\t\t\n\t\t\n\t\t\t\t\t\t\t\t\n<article id=\"post-11157\" class=\"wd-project portfolio-entry wd-col masonry-item portfolio-hover proj-cat-svadobny-fotograf-robert-sedlak post-11157 portfolio type-portfolio status-publish has-post-thumbnail hentry project-cat-svadobny-fotograf-robert-sedlak\">\n\t<header class=\"entry-header\">\n\t\t\t\t\t<figure class=\"entry-thumbnail color-scheme-light\">\n\t\t\t\t<a href=\"https:\/\/www.pofocim.sk\/portfolio\/komorna-svadba-mareka-a-silvie-karlov-most\/\" class=\"portfolio-thumbnail\">\n\t\t\t\t\t<img width=\"801\" height=\"1200\" src=\"https:\/\/www.pofocim.sk\/wp-content\/uploads\/2026\/02\/SED4676.jpeg\" class=\"attachment-full size-full\" alt=\"\" decoding=\"async\" fetchpriority=\"high\" srcset=\"https:\/\/www.pofocim.sk\/wp-content\/uploads\/2026\/02\/SED4676.jpeg 801w, https:\/\/www.pofocim.sk\/wp-content\/uploads\/2026\/02\/SED4676-200x300.jpeg 200w, https:\/\/www.pofocim.sk\/wp-content\/uploads\/2026\/02\/SED4676-534x800.jpeg 534w, https:\/\/www.pofocim.sk\/wp-content\/uploads\/2026\/02\/SED4676-768x1151.jpeg 768w\" sizes=\"(max-width: 801px) 100vw, 801px\" \/>\t\t\t\t<\/a>\n\t\t\t\t<div class=\"wd-portfolio-btns\">\n\t\t\t\t\t<div class=\"portfolio-enlarge wd-action-btn wd-style-icon wd-enlarge-icon wd-tltp wd-tltp-left\">\n\t\t\t\t\t\t<a href=\"https:\/\/www.pofocim.sk\/wp-content\/uploads\/2026\/02\/SED4676.jpeg\" data-elementor-open-lightbox=\"no\">View Large<\/a>\n\t\t\t\t\t<\/div>\n\t\t\t\t\t\t\t\t\t\t\t<div class=\"social-icons-wrapper wd-action-btn wd-style-icon wd-share-icon wd-tltp wd-tltp-left\">\n\t\t\t\t\t\t\t<a><\/a>\n\t\t\t\t\t\t\t<div class=\"wd-tooltip-label\">\n\t\t\t\t\t\t\t\t\t\t\t<link rel=\"stylesheet\" id=\"wd-social-icons-css\" href=\"https:\/\/www.pofocim.sk\/wp-content\/themes\/woodmart\/css\/parts\/el-social-icons.min.css?ver=7.6.0\" type=\"text\/css\" media=\"all\" \/> \t\t\t\n\t\t\t<div class=\" wd-social-icons  icons-design-default icons-size-small color-scheme-light social-share social-form-circle text-center\">\n\n\t\t\t\t\n\t\t\t\t\t\t\t\t\t<a rel=\"noopener noreferrer nofollow\" href=\"https:\/\/www.facebook.com\/sharer\/sharer.php?u=https:\/\/www.pofocim.sk\/portfolio\/komorna-svadba-mareka-a-silvie-karlov-most\/\" target=\"_blank\" class=\" wd-social-icon social-facebook\" aria-label=\"Facebook social link\">\n\t\t\t\t\t\t<span class=\"wd-icon\"><\/span>\n\t\t\t\t\t\t\t\t\t\t\t<\/a>\n\t\t\t\t\n\t\t\t\t\t\t\t\t\t<a rel=\"noopener noreferrer nofollow\" href=\"https:\/\/x.com\/share?url=https:\/\/www.pofocim.sk\/portfolio\/komorna-svadba-mareka-a-silvie-karlov-most\/\" target=\"_blank\" class=\" wd-social-icon social-twitter\" aria-label=\"X social link\">\n\t\t\t\t\t\t<span class=\"wd-icon\"><\/span>\n\t\t\t\t\t\t\t\t\t\t\t<\/a>\n\t\t\t\t\n\t\t\t\t\n\t\t\t\t\n\t\t\t\t\n\t\t\t\t\t\t\t\t\t<a rel=\"noopener noreferrer nofollow\" href=\"https:\/\/pinterest.com\/pin\/create\/button\/?url=https:\/\/www.pofocim.sk\/portfolio\/komorna-svadba-mareka-a-silvie-karlov-most\/&media=https:\/\/www.pofocim.sk\/wp-content\/uploads\/2026\/02\/SED4676.jpeg&description=Komorn%C3%A1+svadba+Mareka+a+Silvie+%7C+Karlov+most\" target=\"_blank\" class=\" wd-social-icon social-pinterest\" aria-label=\"Pinterest social link\">\n\t\t\t\t\t\t<span class=\"wd-icon\"><\/span>\n\t\t\t\t\t\t\t\t\t\t\t<\/a>\n\t\t\t\t\n\t\t\t\t\n\t\t\t\t\t\t\t\t\t<a rel=\"noopener noreferrer nofollow\" href=\"https:\/\/www.linkedin.com\/shareArticle?mini=true&url=https:\/\/www.pofocim.sk\/portfolio\/komorna-svadba-mareka-a-silvie-karlov-most\/\" target=\"_blank\" class=\" wd-social-icon social-linkedin\" aria-label=\"Linkedin social link\">\n\t\t\t\t\t\t<span class=\"wd-icon\"><\/span>\n\t\t\t\t\t\t\t\t\t\t\t<\/a>\n\t\t\t\t\n\t\t\t\t\n\t\t\t\t\n\t\t\t\t\n\t\t\t\t\n\t\t\t\t\n\t\t\t\t\n\t\t\t\t\n\t\t\t\t\n\t\t\t\t\n\t\t\t\t\t\t\t\t\n\t\t\t\t\t\t\t\t\n\t\t\t\t\n\t\t\t\t\n\t\t\t\t\n\t\t\t\t\t\t\t\t\t<a rel=\"noopener noreferrer nofollow\" href=\"https:\/\/telegram.me\/share\/url?url=https:\/\/www.pofocim.sk\/portfolio\/komorna-svadba-mareka-a-silvie-karlov-most\/\" target=\"_blank\" class=\" wd-social-icon social-tg\" aria-label=\"Telegram social link\">\n\t\t\t\t\t\t<span class=\"wd-icon\"><\/span>\n\t\t\t\t\t\t\t\t\t\t\t<\/a>\n\t\t\t\t\t\t\t\t\n\t\t\t\t\n\t\t\t<\/div>\n\n\t\t\t\t\t\t\t\t\t<\/div>\n\t\t\t\t\t\t<\/div>\n\t\t\t\t\t\t\t\t\t<\/div>\n\t\t\t<\/figure>\n\t\t\n\t\t<div class=\"portfolio-info color-scheme-light\">\n\t\t\t\t\t\t\t<div class=\"wrap-meta\">\n\t\t\t\t\t<ul class=\"proj-cats-list\">\n\t\t\t\t\t\t\t\t\t\t\t\t\t\t\t\t\t\t\t\t<li>Svadba<\/li>\n\t\t\t\t\t\t\t\t\t\t\t<\/ul>\n\t\t\t\t<\/div>\n\t\t\t\n\t\t\t<div class=\"wrap-title\">\n\t\t\t\t<h3 class=\"wd-entities-title\">\n\t\t\t\t\t<a href=\"https:\/\/www.pofocim.sk\/portfolio\/komorna-svadba-mareka-a-silvie-karlov-most\/\" rel=\"bookmark\">Komorn\u00e1 svadba Mareka a Silvie | Karlov most<\/a>\n\t\t\t\t<\/h3>\n\t\t\t<\/div>\n\t\t<\/div>\n\t<\/header>\n<\/article>\n\t\t\t\t\t\t\t\t\n<article id=\"post-9429\" class=\"wd-project portfolio-entry wd-col masonry-item portfolio-hover proj-cat-svadobny-fotograf-robert-sedlak post-9429 portfolio type-portfolio status-publish has-post-thumbnail hentry project-cat-svadobny-fotograf-robert-sedlak\">\n\t<header class=\"entry-header\">\n\t\t\t\t\t<figure class=\"entry-thumbnail color-scheme-light\">\n\t\t\t\t<a href=\"https:\/\/www.pofocim.sk\/portfolio\/vas-svadobny-den-ocami-fotografa\/\" class=\"portfolio-thumbnail\">\n\t\t\t\t\t<img width=\"2048\" height=\"1367\" src=\"https:\/\/www.pofocim.sk\/wp-content\/uploads\/2024\/10\/SED1053.jpg\" class=\"attachment-full size-full\" alt=\"V\u00e1\u0161 svadobn\u00fd de\u0148 o\u010dami fotografa, creat\u00edvny portr\u00e9t\" decoding=\"async\" srcset=\"https:\/\/www.pofocim.sk\/wp-content\/uploads\/2024\/10\/SED1053.jpg 2048w, https:\/\/www.pofocim.sk\/wp-content\/uploads\/2024\/10\/SED1053-430x287.jpg 430w, https:\/\/www.pofocim.sk\/wp-content\/uploads\/2024\/10\/SED1053-150x100.jpg 150w, https:\/\/www.pofocim.sk\/wp-content\/uploads\/2024\/10\/SED1053-700x467.jpg 700w, https:\/\/www.pofocim.sk\/wp-content\/uploads\/2024\/10\/SED1053-400x267.jpg 400w, https:\/\/www.pofocim.sk\/wp-content\/uploads\/2024\/10\/SED1053-1199x800.jpg 1199w, https:\/\/www.pofocim.sk\/wp-content\/uploads\/2024\/10\/SED1053-768x513.jpg 768w, https:\/\/www.pofocim.sk\/wp-content\/uploads\/2024\/10\/SED1053-1536x1025.jpg 1536w\" sizes=\"(max-width: 2048px) 100vw, 2048px\" \/>\t\t\t\t<\/a>\n\t\t\t\t<div class=\"wd-portfolio-btns\">\n\t\t\t\t\t<div class=\"portfolio-enlarge wd-action-btn wd-style-icon wd-enlarge-icon wd-tltp wd-tltp-left\">\n\t\t\t\t\t\t<a href=\"https:\/\/www.pofocim.sk\/wp-content\/uploads\/2024\/10\/SED1053.jpg\" data-elementor-open-lightbox=\"no\">View Large<\/a>\n\t\t\t\t\t<\/div>\n\t\t\t\t\t\t\t\t\t\t\t<div class=\"social-icons-wrapper wd-action-btn wd-style-icon wd-share-icon wd-tltp wd-tltp-left\">\n\t\t\t\t\t\t\t<a><\/a>\n\t\t\t\t\t\t\t<div class=\"wd-tooltip-label\">\n\t\t\t\t\t\t\t\t\n\t\t\t<div class=\" wd-social-icons  icons-design-default icons-size-small color-scheme-light social-share social-form-circle text-center\">\n\n\t\t\t\t\n\t\t\t\t\t\t\t\t\t<a rel=\"noopener noreferrer nofollow\" href=\"https:\/\/www.facebook.com\/sharer\/sharer.php?u=https:\/\/www.pofocim.sk\/portfolio\/vas-svadobny-den-ocami-fotografa\/\" target=\"_blank\" class=\" wd-social-icon social-facebook\" aria-label=\"Facebook social link\">\n\t\t\t\t\t\t<span class=\"wd-icon\"><\/span>\n\t\t\t\t\t\t\t\t\t\t\t<\/a>\n\t\t\t\t\n\t\t\t\t\t\t\t\t\t<a rel=\"noopener noreferrer nofollow\" href=\"https:\/\/x.com\/share?url=https:\/\/www.pofocim.sk\/portfolio\/vas-svadobny-den-ocami-fotografa\/\" target=\"_blank\" class=\" wd-social-icon social-twitter\" aria-label=\"X social link\">\n\t\t\t\t\t\t<span class=\"wd-icon\"><\/span>\n\t\t\t\t\t\t\t\t\t\t\t<\/a>\n\t\t\t\t\n\t\t\t\t\n\t\t\t\t\n\t\t\t\t\n\t\t\t\t\t\t\t\t\t<a rel=\"noopener noreferrer nofollow\" href=\"https:\/\/pinterest.com\/pin\/create\/button\/?url=https:\/\/www.pofocim.sk\/portfolio\/vas-svadobny-den-ocami-fotografa\/&media=https:\/\/www.pofocim.sk\/wp-content\/uploads\/2024\/10\/SED1053.jpg&description=Obrad+v+artikul%C3%A1rnom+kostole+vo+Sv%C3%A4tom+Kr%C3%AD%C5%BEi\" target=\"_blank\" class=\" wd-social-icon social-pinterest\" aria-label=\"Pinterest social link\">\n\t\t\t\t\t\t<span class=\"wd-icon\"><\/span>\n\t\t\t\t\t\t\t\t\t\t\t<\/a>\n\t\t\t\t\n\t\t\t\t\n\t\t\t\t\t\t\t\t\t<a rel=\"noopener noreferrer nofollow\" href=\"https:\/\/www.linkedin.com\/shareArticle?mini=true&url=https:\/\/www.pofocim.sk\/portfolio\/vas-svadobny-den-ocami-fotografa\/\" target=\"_blank\" class=\" wd-social-icon social-linkedin\" aria-label=\"Linkedin social link\">\n\t\t\t\t\t\t<span class=\"wd-icon\"><\/span>\n\t\t\t\t\t\t\t\t\t\t\t<\/a>\n\t\t\t\t\n\t\t\t\t\n\t\t\t\t\n\t\t\t\t\n\t\t\t\t\n\t\t\t\t\n\t\t\t\t\n\t\t\t\t\n\t\t\t\t\n\t\t\t\t\n\t\t\t\t\t\t\t\t\n\t\t\t\t\t\t\t\t\n\t\t\t\t\n\t\t\t\t\n\t\t\t\t\n\t\t\t\t\t\t\t\t\t<a rel=\"noopener noreferrer nofollow\" href=\"https:\/\/telegram.me\/share\/url?url=https:\/\/www.pofocim.sk\/portfolio\/vas-svadobny-den-ocami-fotografa\/\" target=\"_blank\" class=\" wd-social-icon social-tg\" aria-label=\"Telegram social link\">\n\t\t\t\t\t\t<span class=\"wd-icon\"><\/span>\n\t\t\t\t\t\t\t\t\t\t\t<\/a>\n\t\t\t\t\t\t\t\t\n\t\t\t\t\n\t\t\t<\/div>\n\n\t\t\t\t\t\t\t\t\t<\/div>\n\t\t\t\t\t\t<\/div>\n\t\t\t\t\t\t\t\t\t<\/div>\n\t\t\t<\/figure>\n\t\t\n\t\t<div class=\"portfolio-info color-scheme-light\">\n\t\t\t\t\t\t\t<div class=\"wrap-meta\">\n\t\t\t\t\t<ul class=\"proj-cats-list\">\n\t\t\t\t\t\t\t\t\t\t\t\t\t\t\t\t\t\t\t\t<li>Svadba<\/li>\n\t\t\t\t\t\t\t\t\t\t\t<\/ul>\n\t\t\t\t<\/div>\n\t\t\t\n\t\t\t<div class=\"wrap-title\">\n\t\t\t\t<h3 class=\"wd-entities-title\">\n\t\t\t\t\t<a href=\"https:\/\/www.pofocim.sk\/portfolio\/vas-svadobny-den-ocami-fotografa\/\" rel=\"bookmark\">Obrad v artikul\u00e1rnom kostole vo Sv\u00e4tom Kr\u00ed\u017ei<\/a>\n\t\t\t\t<\/h3>\n\t\t\t<\/div>\n\t\t<\/div>\n\t<\/header>\n<\/article>\n\t\t\t\t\t\t\t\t\n<article id=\"post-9446\" class=\"wd-project portfolio-entry wd-col masonry-item portfolio-hover proj-cat-svadobny-fotograf-robert-sedlak post-9446 portfolio type-portfolio status-publish has-post-thumbnail hentry project-cat-svadobny-fotograf-robert-sedlak\">\n\t<header class=\"entry-header\">\n\t\t\t\t\t<figure class=\"entry-thumbnail color-scheme-light\">\n\t\t\t\t<a href=\"https:\/\/www.pofocim.sk\/portfolio\/spolahlivy-a-skuseny-fotograf\/\" class=\"portfolio-thumbnail\">\n\t\t\t\t\t<img width=\"2048\" height=\"1367\" src=\"https:\/\/www.pofocim.sk\/wp-content\/uploads\/2024\/10\/SED0976.jpg\" class=\"attachment-full size-full\" alt=\"fotka \u010derstv\u00e9 zosob\u00e1\u0161en\u00e9ho p\u00e1ru, stodola zlatn\u00edk\" decoding=\"async\" srcset=\"https:\/\/www.pofocim.sk\/wp-content\/uploads\/2024\/10\/SED0976.jpg 2048w, https:\/\/www.pofocim.sk\/wp-content\/uploads\/2024\/10\/SED0976-430x287.jpg 430w, https:\/\/www.pofocim.sk\/wp-content\/uploads\/2024\/10\/SED0976-150x100.jpg 150w, https:\/\/www.pofocim.sk\/wp-content\/uploads\/2024\/10\/SED0976-700x467.jpg 700w, https:\/\/www.pofocim.sk\/wp-content\/uploads\/2024\/10\/SED0976-400x267.jpg 400w, https:\/\/www.pofocim.sk\/wp-content\/uploads\/2024\/10\/SED0976-1199x800.jpg 1199w, https:\/\/www.pofocim.sk\/wp-content\/uploads\/2024\/10\/SED0976-768x513.jpg 768w, https:\/\/www.pofocim.sk\/wp-content\/uploads\/2024\/10\/SED0976-1536x1025.jpg 1536w\" sizes=\"(max-width: 2048px) 100vw, 2048px\" \/>\t\t\t\t<\/a>\n\t\t\t\t<div class=\"wd-portfolio-btns\">\n\t\t\t\t\t<div class=\"portfolio-enlarge wd-action-btn wd-style-icon wd-enlarge-icon wd-tltp wd-tltp-left\">\n\t\t\t\t\t\t<a href=\"https:\/\/www.pofocim.sk\/wp-content\/uploads\/2024\/10\/SED0976.jpg\" data-elementor-open-lightbox=\"no\">View Large<\/a>\n\t\t\t\t\t<\/div>\n\t\t\t\t\t\t\t\t\t\t\t<div class=\"social-icons-wrapper wd-action-btn wd-style-icon wd-share-icon wd-tltp wd-tltp-left\">\n\t\t\t\t\t\t\t<a><\/a>\n\t\t\t\t\t\t\t<div class=\"wd-tooltip-label\">\n\t\t\t\t\t\t\t\t\n\t\t\t<div class=\" wd-social-icons  icons-design-default icons-size-small color-scheme-light social-share social-form-circle text-center\">\n\n\t\t\t\t\n\t\t\t\t\t\t\t\t\t<a rel=\"noopener noreferrer nofollow\" href=\"https:\/\/www.facebook.com\/sharer\/sharer.php?u=https:\/\/www.pofocim.sk\/portfolio\/spolahlivy-a-skuseny-fotograf\/\" target=\"_blank\" class=\" wd-social-icon social-facebook\" aria-label=\"Facebook social link\">\n\t\t\t\t\t\t<span class=\"wd-icon\"><\/span>\n\t\t\t\t\t\t\t\t\t\t\t<\/a>\n\t\t\t\t\n\t\t\t\t\t\t\t\t\t<a rel=\"noopener noreferrer nofollow\" href=\"https:\/\/x.com\/share?url=https:\/\/www.pofocim.sk\/portfolio\/spolahlivy-a-skuseny-fotograf\/\" target=\"_blank\" class=\" wd-social-icon social-twitter\" aria-label=\"X social link\">\n\t\t\t\t\t\t<span class=\"wd-icon\"><\/span>\n\t\t\t\t\t\t\t\t\t\t\t<\/a>\n\t\t\t\t\n\t\t\t\t\n\t\t\t\t\n\t\t\t\t\n\t\t\t\t\t\t\t\t\t<a rel=\"noopener noreferrer nofollow\" href=\"https:\/\/pinterest.com\/pin\/create\/button\/?url=https:\/\/www.pofocim.sk\/portfolio\/spolahlivy-a-skuseny-fotograf\/&media=https:\/\/www.pofocim.sk\/wp-content\/uploads\/2024\/10\/SED0976.jpg&description=Svadobn%C3%A9+fotenie+v+kr%C3%A1snom+prostred%C3%AD+Stodoly+Zlatn%C3%ADk\" target=\"_blank\" class=\" wd-social-icon social-pinterest\" aria-label=\"Pinterest social link\">\n\t\t\t\t\t\t<span class=\"wd-icon\"><\/span>\n\t\t\t\t\t\t\t\t\t\t\t<\/a>\n\t\t\t\t\n\t\t\t\t\n\t\t\t\t\t\t\t\t\t<a rel=\"noopener noreferrer nofollow\" href=\"https:\/\/www.linkedin.com\/shareArticle?mini=true&url=https:\/\/www.pofocim.sk\/portfolio\/spolahlivy-a-skuseny-fotograf\/\" target=\"_blank\" class=\" wd-social-icon social-linkedin\" aria-label=\"Linkedin social link\">\n\t\t\t\t\t\t<span class=\"wd-icon\"><\/span>\n\t\t\t\t\t\t\t\t\t\t\t<\/a>\n\t\t\t\t\n\t\t\t\t\n\t\t\t\t\n\t\t\t\t\n\t\t\t\t\n\t\t\t\t\n\t\t\t\t\n\t\t\t\t\n\t\t\t\t\n\t\t\t\t\n\t\t\t\t\t\t\t\t\n\t\t\t\t\t\t\t\t\n\t\t\t\t\n\t\t\t\t\n\t\t\t\t\n\t\t\t\t\t\t\t\t\t<a rel=\"noopener noreferrer nofollow\" href=\"https:\/\/telegram.me\/share\/url?url=https:\/\/www.pofocim.sk\/portfolio\/spolahlivy-a-skuseny-fotograf\/\" target=\"_blank\" class=\" wd-social-icon social-tg\" aria-label=\"Telegram social link\">\n\t\t\t\t\t\t<span class=\"wd-icon\"><\/span>\n\t\t\t\t\t\t\t\t\t\t\t<\/a>\n\t\t\t\t\t\t\t\t\n\t\t\t\t\n\t\t\t<\/div>\n\n\t\t\t\t\t\t\t\t\t<\/div>\n\t\t\t\t\t\t<\/div>\n\t\t\t\t\t\t\t\t\t<\/div>\n\t\t\t<\/figure>\n\t\t\n\t\t<div class=\"portfolio-info color-scheme-light\">\n\t\t\t\t\t\t\t<div class=\"wrap-meta\">\n\t\t\t\t\t<ul class=\"proj-cats-list\">\n\t\t\t\t\t\t\t\t\t\t\t\t\t\t\t\t\t\t\t\t<li>Svadba<\/li>\n\t\t\t\t\t\t\t\t\t\t\t<\/ul>\n\t\t\t\t<\/div>\n\t\t\t\n\t\t\t<div class=\"wrap-title\">\n\t\t\t\t<h3 class=\"wd-entities-title\">\n\t\t\t\t\t<a href=\"https:\/\/www.pofocim.sk\/portfolio\/spolahlivy-a-skuseny-fotograf\/\" rel=\"bookmark\">Svadobn\u00e9 fotenie v kr\u00e1snom prostred\u00ed Stodoly Zlatn\u00edk<\/a>\n\t\t\t\t<\/h3>\n\t\t\t<\/div>\n\t\t<\/div>\n\t<\/header>\n<\/article>\n\t\t\t\t\t\t\t\t\n<article id=\"post-9622\" class=\"wd-project portfolio-entry wd-col masonry-item portfolio-hover proj-cat-svadobny-fotograf-robert-sedlak post-9622 portfolio type-portfolio status-publish has-post-thumbnail hentry project-cat-svadobny-fotograf-robert-sedlak\">\n\t<header class=\"entry-header\">\n\t\t\t\t\t<figure class=\"entry-thumbnail color-scheme-light\">\n\t\t\t\t<a href=\"https:\/\/www.pofocim.sk\/portfolio\/luxusna-svadba\/\" class=\"portfolio-thumbnail\">\n\t\t\t\t\t<img width=\"2048\" height=\"1365\" src=\"https:\/\/www.pofocim.sk\/wp-content\/uploads\/2024\/10\/IMG_2544.jpg\" class=\"attachment-full size-full\" alt=\"Luxusn\u00e1 svadba, svadobna fotografia tancujuceho paru\" decoding=\"async\" loading=\"lazy\" srcset=\"https:\/\/www.pofocim.sk\/wp-content\/uploads\/2024\/10\/IMG_2544.jpg 2048w, https:\/\/www.pofocim.sk\/wp-content\/uploads\/2024\/10\/IMG_2544-430x287.jpg 430w, https:\/\/www.pofocim.sk\/wp-content\/uploads\/2024\/10\/IMG_2544-150x100.jpg 150w, https:\/\/www.pofocim.sk\/wp-content\/uploads\/2024\/10\/IMG_2544-700x467.jpg 700w, https:\/\/www.pofocim.sk\/wp-content\/uploads\/2024\/10\/IMG_2544-400x267.jpg 400w, https:\/\/www.pofocim.sk\/wp-content\/uploads\/2024\/10\/IMG_2544-1200x800.jpg 1200w, https:\/\/www.pofocim.sk\/wp-content\/uploads\/2024\/10\/IMG_2544-768x512.jpg 768w, https:\/\/www.pofocim.sk\/wp-content\/uploads\/2024\/10\/IMG_2544-1536x1024.jpg 1536w\" sizes=\"auto, (max-width: 2048px) 100vw, 2048px\" \/>\t\t\t\t<\/a>\n\t\t\t\t<div class=\"wd-portfolio-btns\">\n\t\t\t\t\t<div class=\"portfolio-enlarge wd-action-btn wd-style-icon wd-enlarge-icon wd-tltp wd-tltp-left\">\n\t\t\t\t\t\t<a href=\"https:\/\/www.pofocim.sk\/wp-content\/uploads\/2024\/10\/IMG_2544.jpg\" data-elementor-open-lightbox=\"no\">View Large<\/a>\n\t\t\t\t\t<\/div>\n\t\t\t\t\t\t\t\t\t\t\t<div class=\"social-icons-wrapper wd-action-btn wd-style-icon wd-share-icon wd-tltp wd-tltp-left\">\n\t\t\t\t\t\t\t<a><\/a>\n\t\t\t\t\t\t\t<div class=\"wd-tooltip-label\">\n\t\t\t\t\t\t\t\t\n\t\t\t<div class=\" wd-social-icons  icons-design-default icons-size-small color-scheme-light social-share social-form-circle text-center\">\n\n\t\t\t\t\n\t\t\t\t\t\t\t\t\t<a rel=\"noopener noreferrer nofollow\" href=\"https:\/\/www.facebook.com\/sharer\/sharer.php?u=https:\/\/www.pofocim.sk\/portfolio\/luxusna-svadba\/\" target=\"_blank\" class=\" wd-social-icon social-facebook\" aria-label=\"Facebook social link\">\n\t\t\t\t\t\t<span class=\"wd-icon\"><\/span>\n\t\t\t\t\t\t\t\t\t\t\t<\/a>\n\t\t\t\t\n\t\t\t\t\t\t\t\t\t<a rel=\"noopener noreferrer nofollow\" href=\"https:\/\/x.com\/share?url=https:\/\/www.pofocim.sk\/portfolio\/luxusna-svadba\/\" target=\"_blank\" class=\" wd-social-icon social-twitter\" aria-label=\"X social link\">\n\t\t\t\t\t\t<span class=\"wd-icon\"><\/span>\n\t\t\t\t\t\t\t\t\t\t\t<\/a>\n\t\t\t\t\n\t\t\t\t\n\t\t\t\t\n\t\t\t\t\n\t\t\t\t\t\t\t\t\t<a rel=\"noopener noreferrer nofollow\" href=\"https:\/\/pinterest.com\/pin\/create\/button\/?url=https:\/\/www.pofocim.sk\/portfolio\/luxusna-svadba\/&media=https:\/\/www.pofocim.sk\/wp-content\/uploads\/2024\/10\/IMG_2544.jpg&description=Luxusn%C3%A1+svadba+v+Penzi%C3%B3ne+Zlat%C3%BD+Jele%C5%88+na+Bankove+pri+Ko%C5%A1iciach\" target=\"_blank\" class=\" wd-social-icon social-pinterest\" aria-label=\"Pinterest social link\">\n\t\t\t\t\t\t<span class=\"wd-icon\"><\/span>\n\t\t\t\t\t\t\t\t\t\t\t<\/a>\n\t\t\t\t\n\t\t\t\t\n\t\t\t\t\t\t\t\t\t<a rel=\"noopener noreferrer nofollow\" href=\"https:\/\/www.linkedin.com\/shareArticle?mini=true&url=https:\/\/www.pofocim.sk\/portfolio\/luxusna-svadba\/\" target=\"_blank\" class=\" wd-social-icon social-linkedin\" aria-label=\"Linkedin social link\">\n\t\t\t\t\t\t<span class=\"wd-icon\"><\/span>\n\t\t\t\t\t\t\t\t\t\t\t<\/a>\n\t\t\t\t\n\t\t\t\t\n\t\t\t\t\n\t\t\t\t\n\t\t\t\t\n\t\t\t\t\n\t\t\t\t\n\t\t\t\t\n\t\t\t\t\n\t\t\t\t\n\t\t\t\t\t\t\t\t\n\t\t\t\t\t\t\t\t\n\t\t\t\t\n\t\t\t\t\n\t\t\t\t\n\t\t\t\t\t\t\t\t\t<a rel=\"noopener noreferrer nofollow\" href=\"https:\/\/telegram.me\/share\/url?url=https:\/\/www.pofocim.sk\/portfolio\/luxusna-svadba\/\" target=\"_blank\" class=\" wd-social-icon social-tg\" aria-label=\"Telegram social link\">\n\t\t\t\t\t\t<span class=\"wd-icon\"><\/span>\n\t\t\t\t\t\t\t\t\t\t\t<\/a>\n\t\t\t\t\t\t\t\t\n\t\t\t\t\n\t\t\t<\/div>\n\n\t\t\t\t\t\t\t\t\t<\/div>\n\t\t\t\t\t\t<\/div>\n\t\t\t\t\t\t\t\t\t<\/div>\n\t\t\t<\/figure>\n\t\t\n\t\t<div class=\"portfolio-info color-scheme-light\">\n\t\t\t\t\t\t\t<div class=\"wrap-meta\">\n\t\t\t\t\t<ul class=\"proj-cats-list\">\n\t\t\t\t\t\t\t\t\t\t\t\t\t\t\t\t\t\t\t\t<li>Svadba<\/li>\n\t\t\t\t\t\t\t\t\t\t\t<\/ul>\n\t\t\t\t<\/div>\n\t\t\t\n\t\t\t<div class=\"wrap-title\">\n\t\t\t\t<h3 class=\"wd-entities-title\">\n\t\t\t\t\t<a href=\"https:\/\/www.pofocim.sk\/portfolio\/luxusna-svadba\/\" rel=\"bookmark\">Luxusn\u00e1 svadba v Penzi\u00f3ne Zlat\u00fd Jele\u0148 na Bankove pri Ko\u0161iciach<\/a>\n\t\t\t\t<\/h3>\n\t\t\t<\/div>\n\t\t<\/div>\n\t<\/header>\n<\/article>\n\t\t\n\t\t\n\t\t\n\t\t\t\t\t","status":"no-more-posts","nextPage":"?woo_ajax=1","currentPage":"https:\/\/www.pofocim.sk\/project-cat\/svadobny-fotograf-robert-sedlak\/page\/2"}