		
		{"items":"\t\t\t<link rel=\"stylesheet\" id=\"wd-photoswipe-css\" href=\"https:\/\/www.pofocim.sk\/wp-content\/themes\/woodmart\/css\/parts\/lib-photoswipe.min.css?ver=7.6.0\" type=\"text\/css\" media=\"all\" \/> \t\t\t\t\t\t<link rel=\"stylesheet\" id=\"wd-project-text-hover-css\" href=\"https:\/\/www.pofocim.sk\/wp-content\/themes\/woodmart\/css\/parts\/project-text-hover.min.css?ver=7.6.0\" type=\"text\/css\" media=\"all\" \/> \t\t\t\n\t\t\n\t\t\n\t\t\t\t\t\t\t\t\n<article id=\"post-10504\" class=\"wd-project portfolio-entry wd-col masonry-item portfolio-hover proj-cat-event post-10504 portfolio type-portfolio status-publish has-post-thumbnail hentry project-cat-event\">\n\t<header class=\"entry-header\">\n\t\t\t\t\t<figure class=\"entry-thumbnail color-scheme-light\">\n\t\t\t\t<a href=\"https:\/\/www.pofocim.sk\/portfolio\/event-pofocim-robert-sedlak-fotograf-slovensko\/\" class=\"portfolio-thumbnail\">\n\t\t\t\t\t<img width=\"2560\" height=\"1708\" src=\"https:\/\/www.pofocim.sk\/wp-content\/uploads\/2025\/10\/SED1842-scaled.jpg\" class=\"attachment-full size-full\" alt=\"\" decoding=\"async\" fetchpriority=\"high\" srcset=\"https:\/\/www.pofocim.sk\/wp-content\/uploads\/2025\/10\/SED1842-scaled.jpg 2560w, https:\/\/www.pofocim.sk\/wp-content\/uploads\/2025\/10\/SED1842-400x267.jpg 400w, https:\/\/www.pofocim.sk\/wp-content\/uploads\/2025\/10\/SED1842-1199x800.jpg 1199w, https:\/\/www.pofocim.sk\/wp-content\/uploads\/2025\/10\/SED1842-768x513.jpg 768w, https:\/\/www.pofocim.sk\/wp-content\/uploads\/2025\/10\/SED1842-1536x1025.jpg 1536w, https:\/\/www.pofocim.sk\/wp-content\/uploads\/2025\/10\/SED1842-2048x1367.jpg 2048w\" sizes=\"(max-width: 2560px) 100vw, 2560px\" \/>\t\t\t\t<\/a>\n\t\t\t\t<div class=\"wd-portfolio-btns\">\n\t\t\t\t\t<div class=\"portfolio-enlarge wd-action-btn wd-style-icon wd-enlarge-icon wd-tltp wd-tltp-left\">\n\t\t\t\t\t\t<a href=\"https:\/\/www.pofocim.sk\/wp-content\/uploads\/2025\/10\/SED1842-scaled.jpg\" data-elementor-open-lightbox=\"no\">View Large<\/a>\n\t\t\t\t\t<\/div>\n\t\t\t\t\t\t\t\t\t\t\t<div class=\"social-icons-wrapper wd-action-btn wd-style-icon wd-share-icon wd-tltp wd-tltp-left\">\n\t\t\t\t\t\t\t<a><\/a>\n\t\t\t\t\t\t\t<div class=\"wd-tooltip-label\">\n\t\t\t\t\t\t\t\t\t\t\t<link rel=\"stylesheet\" id=\"wd-social-icons-css\" href=\"https:\/\/www.pofocim.sk\/wp-content\/themes\/woodmart\/css\/parts\/el-social-icons.min.css?ver=7.6.0\" type=\"text\/css\" media=\"all\" \/> \t\t\t\n\t\t\t<div class=\" wd-social-icons  icons-design-default icons-size-small color-scheme-light social-share social-form-circle text-center\">\n\n\t\t\t\t\n\t\t\t\t\t\t\t\t\t<a rel=\"noopener noreferrer nofollow\" href=\"https:\/\/www.facebook.com\/sharer\/sharer.php?u=https:\/\/www.pofocim.sk\/portfolio\/event-pofocim-robert-sedlak-fotograf-slovensko\/\" target=\"_blank\" class=\" wd-social-icon social-facebook\" aria-label=\"Facebook social link\">\n\t\t\t\t\t\t<span class=\"wd-icon\"><\/span>\n\t\t\t\t\t\t\t\t\t\t\t<\/a>\n\t\t\t\t\n\t\t\t\t\t\t\t\t\t<a rel=\"noopener noreferrer nofollow\" href=\"https:\/\/x.com\/share?url=https:\/\/www.pofocim.sk\/portfolio\/event-pofocim-robert-sedlak-fotograf-slovensko\/\" target=\"_blank\" class=\" wd-social-icon social-twitter\" aria-label=\"X social link\">\n\t\t\t\t\t\t<span class=\"wd-icon\"><\/span>\n\t\t\t\t\t\t\t\t\t\t\t<\/a>\n\t\t\t\t\n\t\t\t\t\n\t\t\t\t\n\t\t\t\t\n\t\t\t\t\t\t\t\t\t<a rel=\"noopener noreferrer nofollow\" href=\"https:\/\/pinterest.com\/pin\/create\/button\/?url=https:\/\/www.pofocim.sk\/portfolio\/event-pofocim-robert-sedlak-fotograf-slovensko\/&media=https:\/\/www.pofocim.sk\/wp-content\/uploads\/2025\/10\/SED1842-scaled.jpg&description=Podujatia\" target=\"_blank\" class=\" wd-social-icon social-pinterest\" aria-label=\"Pinterest social link\">\n\t\t\t\t\t\t<span class=\"wd-icon\"><\/span>\n\t\t\t\t\t\t\t\t\t\t\t<\/a>\n\t\t\t\t\n\t\t\t\t\n\t\t\t\t\t\t\t\t\t<a rel=\"noopener noreferrer nofollow\" href=\"https:\/\/www.linkedin.com\/shareArticle?mini=true&url=https:\/\/www.pofocim.sk\/portfolio\/event-pofocim-robert-sedlak-fotograf-slovensko\/\" target=\"_blank\" class=\" wd-social-icon social-linkedin\" aria-label=\"Linkedin social link\">\n\t\t\t\t\t\t<span class=\"wd-icon\"><\/span>\n\t\t\t\t\t\t\t\t\t\t\t<\/a>\n\t\t\t\t\n\t\t\t\t\n\t\t\t\t\n\t\t\t\t\n\t\t\t\t\n\t\t\t\t\n\t\t\t\t\n\t\t\t\t\n\t\t\t\t\n\t\t\t\t\n\t\t\t\t\t\t\t\t\n\t\t\t\t\t\t\t\t\n\t\t\t\t\n\t\t\t\t\n\t\t\t\t\n\t\t\t\t\t\t\t\t\t<a rel=\"noopener noreferrer nofollow\" href=\"https:\/\/telegram.me\/share\/url?url=https:\/\/www.pofocim.sk\/portfolio\/event-pofocim-robert-sedlak-fotograf-slovensko\/\" target=\"_blank\" class=\" wd-social-icon social-tg\" aria-label=\"Telegram social link\">\n\t\t\t\t\t\t<span class=\"wd-icon\"><\/span>\n\t\t\t\t\t\t\t\t\t\t\t<\/a>\n\t\t\t\t\t\t\t\t\n\t\t\t\t\n\t\t\t<\/div>\n\n\t\t\t\t\t\t\t\t\t<\/div>\n\t\t\t\t\t\t<\/div>\n\t\t\t\t\t\t\t\t\t<\/div>\n\t\t\t<\/figure>\n\t\t\n\t\t<div class=\"portfolio-info color-scheme-light\">\n\t\t\t\t\t\t\t<div class=\"wrap-meta\">\n\t\t\t\t\t<ul class=\"proj-cats-list\">\n\t\t\t\t\t\t\t\t\t\t\t\t\t\t\t\t\t\t\t\t<li>Event<\/li>\n\t\t\t\t\t\t\t\t\t\t\t<\/ul>\n\t\t\t\t<\/div>\n\t\t\t\n\t\t\t<div class=\"wrap-title\">\n\t\t\t\t<h3 class=\"wd-entities-title\">\n\t\t\t\t\t<a href=\"https:\/\/www.pofocim.sk\/portfolio\/event-pofocim-robert-sedlak-fotograf-slovensko\/\" rel=\"bookmark\">Podujatia<\/a>\n\t\t\t\t<\/h3>\n\t\t\t<\/div>\n\t\t<\/div>\n\t<\/header>\n<\/article>\n\t\t\t\t\t\t\t\t\n<article id=\"post-11384\" class=\"wd-project portfolio-entry wd-col masonry-item portfolio-hover proj-cat-klientska-zona post-11384 portfolio type-portfolio status-publish post-password-required hentry project-cat-klientska-zona\">\n\t<header class=\"entry-header\">\n\t\t\n\t\t<div class=\"portfolio-info color-scheme-light\">\n\t\t\t\t\t\t\t<div class=\"wrap-meta\">\n\t\t\t\t\t<ul class=\"proj-cats-list\">\n\t\t\t\t\t\t\t\t\t\t\t\t\t\t\t\t\t\t\t\t<li>Klientsk\u00e1 z\u00f3na<\/li>\n\t\t\t\t\t\t\t\t\t\t\t<\/ul>\n\t\t\t\t<\/div>\n\t\t\t\n\t\t\t<div class=\"wrap-title\">\n\t\t\t\t<h3 class=\"wd-entities-title\">\n\t\t\t\t\t<a href=\"https:\/\/www.pofocim.sk\/portfolio\/monte-detsky-svet\/\" rel=\"bookmark\">Chr\u00e1nen\u00e9 heslom: Monte detsk\u00fd svet<\/a>\n\t\t\t\t<\/h3>\n\t\t\t<\/div>\n\t\t<\/div>\n\t<\/header>\n<\/article>\n\t\t\t\t\t\t\t\t\n<article id=\"post-9429\" class=\"wd-project portfolio-entry wd-col masonry-item portfolio-hover proj-cat-svadobny-fotograf-robert-sedlak post-9429 portfolio type-portfolio status-publish has-post-thumbnail hentry project-cat-svadobny-fotograf-robert-sedlak\">\n\t<header class=\"entry-header\">\n\t\t\t\t\t<figure class=\"entry-thumbnail color-scheme-light\">\n\t\t\t\t<a href=\"https:\/\/www.pofocim.sk\/portfolio\/vas-svadobny-den-ocami-fotografa\/\" class=\"portfolio-thumbnail\">\n\t\t\t\t\t<img width=\"2048\" height=\"1367\" src=\"https:\/\/www.pofocim.sk\/wp-content\/uploads\/2024\/10\/SED1053.jpg\" class=\"attachment-full size-full\" alt=\"V\u00e1\u0161 svadobn\u00fd de\u0148 o\u010dami fotografa, creat\u00edvny portr\u00e9t\" decoding=\"async\" srcset=\"https:\/\/www.pofocim.sk\/wp-content\/uploads\/2024\/10\/SED1053.jpg 2048w, https:\/\/www.pofocim.sk\/wp-content\/uploads\/2024\/10\/SED1053-430x287.jpg 430w, https:\/\/www.pofocim.sk\/wp-content\/uploads\/2024\/10\/SED1053-150x100.jpg 150w, https:\/\/www.pofocim.sk\/wp-content\/uploads\/2024\/10\/SED1053-700x467.jpg 700w, https:\/\/www.pofocim.sk\/wp-content\/uploads\/2024\/10\/SED1053-400x267.jpg 400w, https:\/\/www.pofocim.sk\/wp-content\/uploads\/2024\/10\/SED1053-1199x800.jpg 1199w, https:\/\/www.pofocim.sk\/wp-content\/uploads\/2024\/10\/SED1053-768x513.jpg 768w, https:\/\/www.pofocim.sk\/wp-content\/uploads\/2024\/10\/SED1053-1536x1025.jpg 1536w\" sizes=\"(max-width: 2048px) 100vw, 2048px\" \/>\t\t\t\t<\/a>\n\t\t\t\t<div class=\"wd-portfolio-btns\">\n\t\t\t\t\t<div class=\"portfolio-enlarge wd-action-btn wd-style-icon wd-enlarge-icon wd-tltp wd-tltp-left\">\n\t\t\t\t\t\t<a href=\"https:\/\/www.pofocim.sk\/wp-content\/uploads\/2024\/10\/SED1053.jpg\" data-elementor-open-lightbox=\"no\">View Large<\/a>\n\t\t\t\t\t<\/div>\n\t\t\t\t\t\t\t\t\t\t\t<div class=\"social-icons-wrapper wd-action-btn wd-style-icon wd-share-icon wd-tltp wd-tltp-left\">\n\t\t\t\t\t\t\t<a><\/a>\n\t\t\t\t\t\t\t<div class=\"wd-tooltip-label\">\n\t\t\t\t\t\t\t\t\n\t\t\t<div class=\" wd-social-icons  icons-design-default icons-size-small color-scheme-light social-share social-form-circle text-center\">\n\n\t\t\t\t\n\t\t\t\t\t\t\t\t\t<a rel=\"noopener noreferrer nofollow\" href=\"https:\/\/www.facebook.com\/sharer\/sharer.php?u=https:\/\/www.pofocim.sk\/portfolio\/vas-svadobny-den-ocami-fotografa\/\" target=\"_blank\" class=\" wd-social-icon social-facebook\" aria-label=\"Facebook social link\">\n\t\t\t\t\t\t<span class=\"wd-icon\"><\/span>\n\t\t\t\t\t\t\t\t\t\t\t<\/a>\n\t\t\t\t\n\t\t\t\t\t\t\t\t\t<a rel=\"noopener noreferrer nofollow\" href=\"https:\/\/x.com\/share?url=https:\/\/www.pofocim.sk\/portfolio\/vas-svadobny-den-ocami-fotografa\/\" target=\"_blank\" class=\" wd-social-icon social-twitter\" aria-label=\"X social link\">\n\t\t\t\t\t\t<span class=\"wd-icon\"><\/span>\n\t\t\t\t\t\t\t\t\t\t\t<\/a>\n\t\t\t\t\n\t\t\t\t\n\t\t\t\t\n\t\t\t\t\n\t\t\t\t\t\t\t\t\t<a rel=\"noopener noreferrer nofollow\" href=\"https:\/\/pinterest.com\/pin\/create\/button\/?url=https:\/\/www.pofocim.sk\/portfolio\/vas-svadobny-den-ocami-fotografa\/&media=https:\/\/www.pofocim.sk\/wp-content\/uploads\/2024\/10\/SED1053.jpg&description=Obrad+v+artikul%C3%A1rnom+kostole+vo+Sv%C3%A4tom+Kr%C3%AD%C5%BEi\" target=\"_blank\" class=\" wd-social-icon social-pinterest\" aria-label=\"Pinterest social link\">\n\t\t\t\t\t\t<span class=\"wd-icon\"><\/span>\n\t\t\t\t\t\t\t\t\t\t\t<\/a>\n\t\t\t\t\n\t\t\t\t\n\t\t\t\t\t\t\t\t\t<a rel=\"noopener noreferrer nofollow\" href=\"https:\/\/www.linkedin.com\/shareArticle?mini=true&url=https:\/\/www.pofocim.sk\/portfolio\/vas-svadobny-den-ocami-fotografa\/\" target=\"_blank\" class=\" wd-social-icon social-linkedin\" aria-label=\"Linkedin social link\">\n\t\t\t\t\t\t<span class=\"wd-icon\"><\/span>\n\t\t\t\t\t\t\t\t\t\t\t<\/a>\n\t\t\t\t\n\t\t\t\t\n\t\t\t\t\n\t\t\t\t\n\t\t\t\t\n\t\t\t\t\n\t\t\t\t\n\t\t\t\t\n\t\t\t\t\n\t\t\t\t\n\t\t\t\t\t\t\t\t\n\t\t\t\t\t\t\t\t\n\t\t\t\t\n\t\t\t\t\n\t\t\t\t\n\t\t\t\t\t\t\t\t\t<a rel=\"noopener noreferrer nofollow\" href=\"https:\/\/telegram.me\/share\/url?url=https:\/\/www.pofocim.sk\/portfolio\/vas-svadobny-den-ocami-fotografa\/\" target=\"_blank\" class=\" wd-social-icon social-tg\" aria-label=\"Telegram social link\">\n\t\t\t\t\t\t<span class=\"wd-icon\"><\/span>\n\t\t\t\t\t\t\t\t\t\t\t<\/a>\n\t\t\t\t\t\t\t\t\n\t\t\t\t\n\t\t\t<\/div>\n\n\t\t\t\t\t\t\t\t\t<\/div>\n\t\t\t\t\t\t<\/div>\n\t\t\t\t\t\t\t\t\t<\/div>\n\t\t\t<\/figure>\n\t\t\n\t\t<div class=\"portfolio-info color-scheme-light\">\n\t\t\t\t\t\t\t<div class=\"wrap-meta\">\n\t\t\t\t\t<ul class=\"proj-cats-list\">\n\t\t\t\t\t\t\t\t\t\t\t\t\t\t\t\t\t\t\t\t<li>Svadba<\/li>\n\t\t\t\t\t\t\t\t\t\t\t<\/ul>\n\t\t\t\t<\/div>\n\t\t\t\n\t\t\t<div class=\"wrap-title\">\n\t\t\t\t<h3 class=\"wd-entities-title\">\n\t\t\t\t\t<a href=\"https:\/\/www.pofocim.sk\/portfolio\/vas-svadobny-den-ocami-fotografa\/\" rel=\"bookmark\">Obrad v artikul\u00e1rnom kostole vo Sv\u00e4tom Kr\u00ed\u017ei<\/a>\n\t\t\t\t<\/h3>\n\t\t\t<\/div>\n\t\t<\/div>\n\t<\/header>\n<\/article>\n\t\t\t\t\t\t\t\t\n<article id=\"post-10888\" class=\"wd-project portfolio-entry wd-col masonry-item portfolio-hover proj-cat-svadobny-fotograf-robert-sedlak post-10888 portfolio type-portfolio status-publish has-post-thumbnail hentry project-cat-svadobny-fotograf-robert-sedlak\">\n\t<header class=\"entry-header\">\n\t\t\t\t\t<figure class=\"entry-thumbnail color-scheme-light\">\n\t\t\t\t<a href=\"https:\/\/www.pofocim.sk\/portfolio\/matej-a-barbora\/\" class=\"portfolio-thumbnail\">\n\t\t\t\t\t<img width=\"2560\" height=\"1709\" src=\"https:\/\/www.pofocim.sk\/wp-content\/uploads\/2026\/01\/SED0193-scaled.jpg\" class=\"attachment-full size-full\" alt=\"\" decoding=\"async\" loading=\"lazy\" srcset=\"https:\/\/www.pofocim.sk\/wp-content\/uploads\/2026\/01\/SED0193-scaled.jpg 2560w, https:\/\/www.pofocim.sk\/wp-content\/uploads\/2026\/01\/SED0193-400x267.jpg 400w, https:\/\/www.pofocim.sk\/wp-content\/uploads\/2026\/01\/SED0193-1199x800.jpg 1199w, https:\/\/www.pofocim.sk\/wp-content\/uploads\/2026\/01\/SED0193-768x513.jpg 768w, https:\/\/www.pofocim.sk\/wp-content\/uploads\/2026\/01\/SED0193-1536x1025.jpg 1536w, https:\/\/www.pofocim.sk\/wp-content\/uploads\/2026\/01\/SED0193-2048x1367.jpg 2048w\" sizes=\"auto, (max-width: 2560px) 100vw, 2560px\" \/>\t\t\t\t<\/a>\n\t\t\t\t<div class=\"wd-portfolio-btns\">\n\t\t\t\t\t<div class=\"portfolio-enlarge wd-action-btn wd-style-icon wd-enlarge-icon wd-tltp wd-tltp-left\">\n\t\t\t\t\t\t<a href=\"https:\/\/www.pofocim.sk\/wp-content\/uploads\/2026\/01\/SED0193-scaled.jpg\" data-elementor-open-lightbox=\"no\">View Large<\/a>\n\t\t\t\t\t<\/div>\n\t\t\t\t\t\t\t\t\t\t\t<div class=\"social-icons-wrapper wd-action-btn wd-style-icon wd-share-icon wd-tltp wd-tltp-left\">\n\t\t\t\t\t\t\t<a><\/a>\n\t\t\t\t\t\t\t<div class=\"wd-tooltip-label\">\n\t\t\t\t\t\t\t\t\n\t\t\t<div class=\" wd-social-icons  icons-design-default icons-size-small color-scheme-light social-share social-form-circle text-center\">\n\n\t\t\t\t\n\t\t\t\t\t\t\t\t\t<a rel=\"noopener noreferrer nofollow\" href=\"https:\/\/www.facebook.com\/sharer\/sharer.php?u=https:\/\/www.pofocim.sk\/portfolio\/matej-a-barbora\/\" target=\"_blank\" class=\" wd-social-icon social-facebook\" aria-label=\"Facebook social link\">\n\t\t\t\t\t\t<span class=\"wd-icon\"><\/span>\n\t\t\t\t\t\t\t\t\t\t\t<\/a>\n\t\t\t\t\n\t\t\t\t\t\t\t\t\t<a rel=\"noopener noreferrer nofollow\" href=\"https:\/\/x.com\/share?url=https:\/\/www.pofocim.sk\/portfolio\/matej-a-barbora\/\" target=\"_blank\" class=\" wd-social-icon social-twitter\" aria-label=\"X social link\">\n\t\t\t\t\t\t<span class=\"wd-icon\"><\/span>\n\t\t\t\t\t\t\t\t\t\t\t<\/a>\n\t\t\t\t\n\t\t\t\t\n\t\t\t\t\n\t\t\t\t\n\t\t\t\t\t\t\t\t\t<a rel=\"noopener noreferrer nofollow\" href=\"https:\/\/pinterest.com\/pin\/create\/button\/?url=https:\/\/www.pofocim.sk\/portfolio\/matej-a-barbora\/&media=https:\/\/www.pofocim.sk\/wp-content\/uploads\/2026\/01\/SED0193-scaled.jpg&description=Matej+a+Barbora\" target=\"_blank\" class=\" wd-social-icon social-pinterest\" aria-label=\"Pinterest social link\">\n\t\t\t\t\t\t<span class=\"wd-icon\"><\/span>\n\t\t\t\t\t\t\t\t\t\t\t<\/a>\n\t\t\t\t\n\t\t\t\t\n\t\t\t\t\t\t\t\t\t<a rel=\"noopener noreferrer nofollow\" href=\"https:\/\/www.linkedin.com\/shareArticle?mini=true&url=https:\/\/www.pofocim.sk\/portfolio\/matej-a-barbora\/\" target=\"_blank\" class=\" wd-social-icon social-linkedin\" aria-label=\"Linkedin social link\">\n\t\t\t\t\t\t<span class=\"wd-icon\"><\/span>\n\t\t\t\t\t\t\t\t\t\t\t<\/a>\n\t\t\t\t\n\t\t\t\t\n\t\t\t\t\n\t\t\t\t\n\t\t\t\t\n\t\t\t\t\n\t\t\t\t\n\t\t\t\t\n\t\t\t\t\n\t\t\t\t\n\t\t\t\t\t\t\t\t\n\t\t\t\t\t\t\t\t\n\t\t\t\t\n\t\t\t\t\n\t\t\t\t\n\t\t\t\t\t\t\t\t\t<a rel=\"noopener noreferrer nofollow\" href=\"https:\/\/telegram.me\/share\/url?url=https:\/\/www.pofocim.sk\/portfolio\/matej-a-barbora\/\" target=\"_blank\" class=\" wd-social-icon social-tg\" aria-label=\"Telegram social link\">\n\t\t\t\t\t\t<span class=\"wd-icon\"><\/span>\n\t\t\t\t\t\t\t\t\t\t\t<\/a>\n\t\t\t\t\t\t\t\t\n\t\t\t\t\n\t\t\t<\/div>\n\n\t\t\t\t\t\t\t\t\t<\/div>\n\t\t\t\t\t\t<\/div>\n\t\t\t\t\t\t\t\t\t<\/div>\n\t\t\t<\/figure>\n\t\t\n\t\t<div class=\"portfolio-info color-scheme-light\">\n\t\t\t\t\t\t\t<div class=\"wrap-meta\">\n\t\t\t\t\t<ul class=\"proj-cats-list\">\n\t\t\t\t\t\t\t\t\t\t\t\t\t\t\t\t\t\t\t\t<li>Svadba<\/li>\n\t\t\t\t\t\t\t\t\t\t\t<\/ul>\n\t\t\t\t<\/div>\n\t\t\t\n\t\t\t<div class=\"wrap-title\">\n\t\t\t\t<h3 class=\"wd-entities-title\">\n\t\t\t\t\t<a href=\"https:\/\/www.pofocim.sk\/portfolio\/matej-a-barbora\/\" rel=\"bookmark\">Matej a Barbora<\/a>\n\t\t\t\t<\/h3>\n\t\t\t<\/div>\n\t\t<\/div>\n\t<\/header>\n<\/article>\n\t\t\t\t\t\t\t\t\n<article id=\"post-9446\" class=\"wd-project portfolio-entry wd-col masonry-item portfolio-hover proj-cat-svadobny-fotograf-robert-sedlak post-9446 portfolio type-portfolio status-publish has-post-thumbnail hentry project-cat-svadobny-fotograf-robert-sedlak\">\n\t<header class=\"entry-header\">\n\t\t\t\t\t<figure class=\"entry-thumbnail color-scheme-light\">\n\t\t\t\t<a href=\"https:\/\/www.pofocim.sk\/portfolio\/spolahlivy-a-skuseny-fotograf\/\" class=\"portfolio-thumbnail\">\n\t\t\t\t\t<img width=\"2048\" height=\"1367\" src=\"https:\/\/www.pofocim.sk\/wp-content\/uploads\/2024\/10\/SED0976.jpg\" class=\"attachment-full size-full\" alt=\"fotka \u010derstv\u00e9 zosob\u00e1\u0161en\u00e9ho p\u00e1ru, stodola zlatn\u00edk\" decoding=\"async\" loading=\"lazy\" srcset=\"https:\/\/www.pofocim.sk\/wp-content\/uploads\/2024\/10\/SED0976.jpg 2048w, https:\/\/www.pofocim.sk\/wp-content\/uploads\/2024\/10\/SED0976-430x287.jpg 430w, https:\/\/www.pofocim.sk\/wp-content\/uploads\/2024\/10\/SED0976-150x100.jpg 150w, https:\/\/www.pofocim.sk\/wp-content\/uploads\/2024\/10\/SED0976-700x467.jpg 700w, https:\/\/www.pofocim.sk\/wp-content\/uploads\/2024\/10\/SED0976-400x267.jpg 400w, https:\/\/www.pofocim.sk\/wp-content\/uploads\/2024\/10\/SED0976-1199x800.jpg 1199w, https:\/\/www.pofocim.sk\/wp-content\/uploads\/2024\/10\/SED0976-768x513.jpg 768w, https:\/\/www.pofocim.sk\/wp-content\/uploads\/2024\/10\/SED0976-1536x1025.jpg 1536w\" sizes=\"auto, (max-width: 2048px) 100vw, 2048px\" \/>\t\t\t\t<\/a>\n\t\t\t\t<div class=\"wd-portfolio-btns\">\n\t\t\t\t\t<div class=\"portfolio-enlarge wd-action-btn wd-style-icon wd-enlarge-icon wd-tltp wd-tltp-left\">\n\t\t\t\t\t\t<a href=\"https:\/\/www.pofocim.sk\/wp-content\/uploads\/2024\/10\/SED0976.jpg\" data-elementor-open-lightbox=\"no\">View Large<\/a>\n\t\t\t\t\t<\/div>\n\t\t\t\t\t\t\t\t\t\t\t<div class=\"social-icons-wrapper wd-action-btn wd-style-icon wd-share-icon wd-tltp wd-tltp-left\">\n\t\t\t\t\t\t\t<a><\/a>\n\t\t\t\t\t\t\t<div class=\"wd-tooltip-label\">\n\t\t\t\t\t\t\t\t\n\t\t\t<div class=\" wd-social-icons  icons-design-default icons-size-small color-scheme-light social-share social-form-circle text-center\">\n\n\t\t\t\t\n\t\t\t\t\t\t\t\t\t<a rel=\"noopener noreferrer nofollow\" href=\"https:\/\/www.facebook.com\/sharer\/sharer.php?u=https:\/\/www.pofocim.sk\/portfolio\/spolahlivy-a-skuseny-fotograf\/\" target=\"_blank\" class=\" wd-social-icon social-facebook\" aria-label=\"Facebook social link\">\n\t\t\t\t\t\t<span class=\"wd-icon\"><\/span>\n\t\t\t\t\t\t\t\t\t\t\t<\/a>\n\t\t\t\t\n\t\t\t\t\t\t\t\t\t<a rel=\"noopener noreferrer nofollow\" href=\"https:\/\/x.com\/share?url=https:\/\/www.pofocim.sk\/portfolio\/spolahlivy-a-skuseny-fotograf\/\" target=\"_blank\" class=\" wd-social-icon social-twitter\" aria-label=\"X social link\">\n\t\t\t\t\t\t<span class=\"wd-icon\"><\/span>\n\t\t\t\t\t\t\t\t\t\t\t<\/a>\n\t\t\t\t\n\t\t\t\t\n\t\t\t\t\n\t\t\t\t\n\t\t\t\t\t\t\t\t\t<a rel=\"noopener noreferrer nofollow\" href=\"https:\/\/pinterest.com\/pin\/create\/button\/?url=https:\/\/www.pofocim.sk\/portfolio\/spolahlivy-a-skuseny-fotograf\/&media=https:\/\/www.pofocim.sk\/wp-content\/uploads\/2024\/10\/SED0976.jpg&description=Svadobn%C3%A9+fotenie+v+kr%C3%A1snom+prostred%C3%AD+Stodoly+Zlatn%C3%ADk\" target=\"_blank\" class=\" wd-social-icon social-pinterest\" aria-label=\"Pinterest social link\">\n\t\t\t\t\t\t<span class=\"wd-icon\"><\/span>\n\t\t\t\t\t\t\t\t\t\t\t<\/a>\n\t\t\t\t\n\t\t\t\t\n\t\t\t\t\t\t\t\t\t<a rel=\"noopener noreferrer nofollow\" href=\"https:\/\/www.linkedin.com\/shareArticle?mini=true&url=https:\/\/www.pofocim.sk\/portfolio\/spolahlivy-a-skuseny-fotograf\/\" target=\"_blank\" class=\" wd-social-icon social-linkedin\" aria-label=\"Linkedin social link\">\n\t\t\t\t\t\t<span class=\"wd-icon\"><\/span>\n\t\t\t\t\t\t\t\t\t\t\t<\/a>\n\t\t\t\t\n\t\t\t\t\n\t\t\t\t\n\t\t\t\t\n\t\t\t\t\n\t\t\t\t\n\t\t\t\t\n\t\t\t\t\n\t\t\t\t\n\t\t\t\t\n\t\t\t\t\t\t\t\t\n\t\t\t\t\t\t\t\t\n\t\t\t\t\n\t\t\t\t\n\t\t\t\t\n\t\t\t\t\t\t\t\t\t<a rel=\"noopener noreferrer nofollow\" href=\"https:\/\/telegram.me\/share\/url?url=https:\/\/www.pofocim.sk\/portfolio\/spolahlivy-a-skuseny-fotograf\/\" target=\"_blank\" class=\" wd-social-icon social-tg\" aria-label=\"Telegram social link\">\n\t\t\t\t\t\t<span class=\"wd-icon\"><\/span>\n\t\t\t\t\t\t\t\t\t\t\t<\/a>\n\t\t\t\t\t\t\t\t\n\t\t\t\t\n\t\t\t<\/div>\n\n\t\t\t\t\t\t\t\t\t<\/div>\n\t\t\t\t\t\t<\/div>\n\t\t\t\t\t\t\t\t\t<\/div>\n\t\t\t<\/figure>\n\t\t\n\t\t<div class=\"portfolio-info color-scheme-light\">\n\t\t\t\t\t\t\t<div class=\"wrap-meta\">\n\t\t\t\t\t<ul class=\"proj-cats-list\">\n\t\t\t\t\t\t\t\t\t\t\t\t\t\t\t\t\t\t\t\t<li>Svadba<\/li>\n\t\t\t\t\t\t\t\t\t\t\t<\/ul>\n\t\t\t\t<\/div>\n\t\t\t\n\t\t\t<div class=\"wrap-title\">\n\t\t\t\t<h3 class=\"wd-entities-title\">\n\t\t\t\t\t<a href=\"https:\/\/www.pofocim.sk\/portfolio\/spolahlivy-a-skuseny-fotograf\/\" rel=\"bookmark\">Svadobn\u00e9 fotenie v kr\u00e1snom prostred\u00ed Stodoly Zlatn\u00edk<\/a>\n\t\t\t\t<\/h3>\n\t\t\t<\/div>\n\t\t<\/div>\n\t<\/header>\n<\/article>\n\t\t\t\t\t\t\t\t\n<article id=\"post-11115\" class=\"wd-project portfolio-entry wd-col masonry-item portfolio-hover proj-cat-svadobny-fotograf-robert-sedlak post-11115 portfolio type-portfolio status-publish has-post-thumbnail hentry project-cat-svadobny-fotograf-robert-sedlak\">\n\t<header class=\"entry-header\">\n\t\t\t\t\t<figure class=\"entry-thumbnail color-scheme-light\">\n\t\t\t\t<a href=\"https:\/\/www.pofocim.sk\/portfolio\/svadba-mv\/\" class=\"portfolio-thumbnail\">\n\t\t\t\t\t<img width=\"2560\" height=\"1708\" src=\"https:\/\/www.pofocim.sk\/wp-content\/uploads\/2024\/12\/SED9160-scaled.jpeg\" class=\"attachment-full size-full\" alt=\"\" decoding=\"async\" loading=\"lazy\" srcset=\"https:\/\/www.pofocim.sk\/wp-content\/uploads\/2024\/12\/SED9160-scaled.jpeg 2560w, https:\/\/www.pofocim.sk\/wp-content\/uploads\/2024\/12\/SED9160-400x267.jpeg 400w, https:\/\/www.pofocim.sk\/wp-content\/uploads\/2024\/12\/SED9160-1199x800.jpeg 1199w, https:\/\/www.pofocim.sk\/wp-content\/uploads\/2024\/12\/SED9160-768x513.jpeg 768w, https:\/\/www.pofocim.sk\/wp-content\/uploads\/2024\/12\/SED9160-1536x1025.jpeg 1536w, https:\/\/www.pofocim.sk\/wp-content\/uploads\/2024\/12\/SED9160-2048x1367.jpeg 2048w\" sizes=\"auto, (max-width: 2560px) 100vw, 2560px\" \/>\t\t\t\t<\/a>\n\t\t\t\t<div class=\"wd-portfolio-btns\">\n\t\t\t\t\t<div class=\"portfolio-enlarge wd-action-btn wd-style-icon wd-enlarge-icon wd-tltp wd-tltp-left\">\n\t\t\t\t\t\t<a href=\"https:\/\/www.pofocim.sk\/wp-content\/uploads\/2024\/12\/SED9160-scaled.jpeg\" data-elementor-open-lightbox=\"no\">View Large<\/a>\n\t\t\t\t\t<\/div>\n\t\t\t\t\t\t\t\t\t\t\t<div class=\"social-icons-wrapper wd-action-btn wd-style-icon wd-share-icon wd-tltp wd-tltp-left\">\n\t\t\t\t\t\t\t<a><\/a>\n\t\t\t\t\t\t\t<div class=\"wd-tooltip-label\">\n\t\t\t\t\t\t\t\t\n\t\t\t<div class=\" wd-social-icons  icons-design-default icons-size-small color-scheme-light social-share social-form-circle text-center\">\n\n\t\t\t\t\n\t\t\t\t\t\t\t\t\t<a rel=\"noopener noreferrer nofollow\" href=\"https:\/\/www.facebook.com\/sharer\/sharer.php?u=https:\/\/www.pofocim.sk\/portfolio\/svadba-mv\/\" target=\"_blank\" class=\" wd-social-icon social-facebook\" aria-label=\"Facebook social link\">\n\t\t\t\t\t\t<span class=\"wd-icon\"><\/span>\n\t\t\t\t\t\t\t\t\t\t\t<\/a>\n\t\t\t\t\n\t\t\t\t\t\t\t\t\t<a rel=\"noopener noreferrer nofollow\" href=\"https:\/\/x.com\/share?url=https:\/\/www.pofocim.sk\/portfolio\/svadba-mv\/\" target=\"_blank\" class=\" wd-social-icon social-twitter\" aria-label=\"X social link\">\n\t\t\t\t\t\t<span class=\"wd-icon\"><\/span>\n\t\t\t\t\t\t\t\t\t\t\t<\/a>\n\t\t\t\t\n\t\t\t\t\n\t\t\t\t\n\t\t\t\t\n\t\t\t\t\t\t\t\t\t<a rel=\"noopener noreferrer nofollow\" href=\"https:\/\/pinterest.com\/pin\/create\/button\/?url=https:\/\/www.pofocim.sk\/portfolio\/svadba-mv\/&media=https:\/\/www.pofocim.sk\/wp-content\/uploads\/2024\/12\/SED9160-scaled.jpeg&description=Svadba+M%2BL\" target=\"_blank\" class=\" wd-social-icon social-pinterest\" aria-label=\"Pinterest social link\">\n\t\t\t\t\t\t<span class=\"wd-icon\"><\/span>\n\t\t\t\t\t\t\t\t\t\t\t<\/a>\n\t\t\t\t\n\t\t\t\t\n\t\t\t\t\t\t\t\t\t<a rel=\"noopener noreferrer nofollow\" href=\"https:\/\/www.linkedin.com\/shareArticle?mini=true&url=https:\/\/www.pofocim.sk\/portfolio\/svadba-mv\/\" target=\"_blank\" class=\" wd-social-icon social-linkedin\" aria-label=\"Linkedin social link\">\n\t\t\t\t\t\t<span class=\"wd-icon\"><\/span>\n\t\t\t\t\t\t\t\t\t\t\t<\/a>\n\t\t\t\t\n\t\t\t\t\n\t\t\t\t\n\t\t\t\t\n\t\t\t\t\n\t\t\t\t\n\t\t\t\t\n\t\t\t\t\n\t\t\t\t\n\t\t\t\t\n\t\t\t\t\t\t\t\t\n\t\t\t\t\t\t\t\t\n\t\t\t\t\n\t\t\t\t\n\t\t\t\t\n\t\t\t\t\t\t\t\t\t<a rel=\"noopener noreferrer nofollow\" href=\"https:\/\/telegram.me\/share\/url?url=https:\/\/www.pofocim.sk\/portfolio\/svadba-mv\/\" target=\"_blank\" class=\" wd-social-icon social-tg\" aria-label=\"Telegram social link\">\n\t\t\t\t\t\t<span class=\"wd-icon\"><\/span>\n\t\t\t\t\t\t\t\t\t\t\t<\/a>\n\t\t\t\t\t\t\t\t\n\t\t\t\t\n\t\t\t<\/div>\n\n\t\t\t\t\t\t\t\t\t<\/div>\n\t\t\t\t\t\t<\/div>\n\t\t\t\t\t\t\t\t\t<\/div>\n\t\t\t<\/figure>\n\t\t\n\t\t<div class=\"portfolio-info color-scheme-light\">\n\t\t\t\t\t\t\t<div class=\"wrap-meta\">\n\t\t\t\t\t<ul class=\"proj-cats-list\">\n\t\t\t\t\t\t\t\t\t\t\t\t\t\t\t\t\t\t\t\t<li>Svadba<\/li>\n\t\t\t\t\t\t\t\t\t\t\t<\/ul>\n\t\t\t\t<\/div>\n\t\t\t\n\t\t\t<div class=\"wrap-title\">\n\t\t\t\t<h3 class=\"wd-entities-title\">\n\t\t\t\t\t<a href=\"https:\/\/www.pofocim.sk\/portfolio\/svadba-mv\/\" rel=\"bookmark\">Svadba M+L<\/a>\n\t\t\t\t<\/h3>\n\t\t\t<\/div>\n\t\t<\/div>\n\t<\/header>\n<\/article>\n\t\t\t\t\t\t\t\t\n<article id=\"post-9622\" class=\"wd-project portfolio-entry wd-col masonry-item portfolio-hover proj-cat-svadobny-fotograf-robert-sedlak post-9622 portfolio type-portfolio status-publish has-post-thumbnail hentry project-cat-svadobny-fotograf-robert-sedlak\">\n\t<header class=\"entry-header\">\n\t\t\t\t\t<figure class=\"entry-thumbnail color-scheme-light\">\n\t\t\t\t<a href=\"https:\/\/www.pofocim.sk\/portfolio\/luxusna-svadba\/\" class=\"portfolio-thumbnail\">\n\t\t\t\t\t<img width=\"2048\" height=\"1365\" src=\"https:\/\/www.pofocim.sk\/wp-content\/uploads\/2024\/10\/IMG_2544.jpg\" class=\"attachment-full size-full\" alt=\"Luxusn\u00e1 svadba, svadobna fotografia tancujuceho paru\" decoding=\"async\" loading=\"lazy\" srcset=\"https:\/\/www.pofocim.sk\/wp-content\/uploads\/2024\/10\/IMG_2544.jpg 2048w, https:\/\/www.pofocim.sk\/wp-content\/uploads\/2024\/10\/IMG_2544-430x287.jpg 430w, https:\/\/www.pofocim.sk\/wp-content\/uploads\/2024\/10\/IMG_2544-150x100.jpg 150w, https:\/\/www.pofocim.sk\/wp-content\/uploads\/2024\/10\/IMG_2544-700x467.jpg 700w, https:\/\/www.pofocim.sk\/wp-content\/uploads\/2024\/10\/IMG_2544-400x267.jpg 400w, https:\/\/www.pofocim.sk\/wp-content\/uploads\/2024\/10\/IMG_2544-1200x800.jpg 1200w, https:\/\/www.pofocim.sk\/wp-content\/uploads\/2024\/10\/IMG_2544-768x512.jpg 768w, https:\/\/www.pofocim.sk\/wp-content\/uploads\/2024\/10\/IMG_2544-1536x1024.jpg 1536w\" sizes=\"auto, (max-width: 2048px) 100vw, 2048px\" \/>\t\t\t\t<\/a>\n\t\t\t\t<div class=\"wd-portfolio-btns\">\n\t\t\t\t\t<div class=\"portfolio-enlarge wd-action-btn wd-style-icon wd-enlarge-icon wd-tltp wd-tltp-left\">\n\t\t\t\t\t\t<a href=\"https:\/\/www.pofocim.sk\/wp-content\/uploads\/2024\/10\/IMG_2544.jpg\" data-elementor-open-lightbox=\"no\">View Large<\/a>\n\t\t\t\t\t<\/div>\n\t\t\t\t\t\t\t\t\t\t\t<div class=\"social-icons-wrapper wd-action-btn wd-style-icon wd-share-icon wd-tltp wd-tltp-left\">\n\t\t\t\t\t\t\t<a><\/a>\n\t\t\t\t\t\t\t<div class=\"wd-tooltip-label\">\n\t\t\t\t\t\t\t\t\n\t\t\t<div class=\" wd-social-icons  icons-design-default icons-size-small color-scheme-light social-share social-form-circle text-center\">\n\n\t\t\t\t\n\t\t\t\t\t\t\t\t\t<a rel=\"noopener noreferrer nofollow\" href=\"https:\/\/www.facebook.com\/sharer\/sharer.php?u=https:\/\/www.pofocim.sk\/portfolio\/luxusna-svadba\/\" target=\"_blank\" class=\" wd-social-icon social-facebook\" aria-label=\"Facebook social link\">\n\t\t\t\t\t\t<span class=\"wd-icon\"><\/span>\n\t\t\t\t\t\t\t\t\t\t\t<\/a>\n\t\t\t\t\n\t\t\t\t\t\t\t\t\t<a rel=\"noopener noreferrer nofollow\" href=\"https:\/\/x.com\/share?url=https:\/\/www.pofocim.sk\/portfolio\/luxusna-svadba\/\" target=\"_blank\" class=\" wd-social-icon social-twitter\" aria-label=\"X social link\">\n\t\t\t\t\t\t<span class=\"wd-icon\"><\/span>\n\t\t\t\t\t\t\t\t\t\t\t<\/a>\n\t\t\t\t\n\t\t\t\t\n\t\t\t\t\n\t\t\t\t\n\t\t\t\t\t\t\t\t\t<a rel=\"noopener noreferrer nofollow\" href=\"https:\/\/pinterest.com\/pin\/create\/button\/?url=https:\/\/www.pofocim.sk\/portfolio\/luxusna-svadba\/&media=https:\/\/www.pofocim.sk\/wp-content\/uploads\/2024\/10\/IMG_2544.jpg&description=Luxusn%C3%A1+svadba+v+Penzi%C3%B3ne+Zlat%C3%BD+Jele%C5%88+na+Bankove+pri+Ko%C5%A1iciach\" target=\"_blank\" class=\" wd-social-icon social-pinterest\" aria-label=\"Pinterest social link\">\n\t\t\t\t\t\t<span class=\"wd-icon\"><\/span>\n\t\t\t\t\t\t\t\t\t\t\t<\/a>\n\t\t\t\t\n\t\t\t\t\n\t\t\t\t\t\t\t\t\t<a rel=\"noopener noreferrer nofollow\" href=\"https:\/\/www.linkedin.com\/shareArticle?mini=true&url=https:\/\/www.pofocim.sk\/portfolio\/luxusna-svadba\/\" target=\"_blank\" class=\" wd-social-icon social-linkedin\" aria-label=\"Linkedin social link\">\n\t\t\t\t\t\t<span class=\"wd-icon\"><\/span>\n\t\t\t\t\t\t\t\t\t\t\t<\/a>\n\t\t\t\t\n\t\t\t\t\n\t\t\t\t\n\t\t\t\t\n\t\t\t\t\n\t\t\t\t\n\t\t\t\t\n\t\t\t\t\n\t\t\t\t\n\t\t\t\t\n\t\t\t\t\t\t\t\t\n\t\t\t\t\t\t\t\t\n\t\t\t\t\n\t\t\t\t\n\t\t\t\t\n\t\t\t\t\t\t\t\t\t<a rel=\"noopener noreferrer nofollow\" href=\"https:\/\/telegram.me\/share\/url?url=https:\/\/www.pofocim.sk\/portfolio\/luxusna-svadba\/\" target=\"_blank\" class=\" wd-social-icon social-tg\" aria-label=\"Telegram social link\">\n\t\t\t\t\t\t<span class=\"wd-icon\"><\/span>\n\t\t\t\t\t\t\t\t\t\t\t<\/a>\n\t\t\t\t\t\t\t\t\n\t\t\t\t\n\t\t\t<\/div>\n\n\t\t\t\t\t\t\t\t\t<\/div>\n\t\t\t\t\t\t<\/div>\n\t\t\t\t\t\t\t\t\t<\/div>\n\t\t\t<\/figure>\n\t\t\n\t\t<div class=\"portfolio-info color-scheme-light\">\n\t\t\t\t\t\t\t<div class=\"wrap-meta\">\n\t\t\t\t\t<ul class=\"proj-cats-list\">\n\t\t\t\t\t\t\t\t\t\t\t\t\t\t\t\t\t\t\t\t<li>Svadba<\/li>\n\t\t\t\t\t\t\t\t\t\t\t<\/ul>\n\t\t\t\t<\/div>\n\t\t\t\n\t\t\t<div class=\"wrap-title\">\n\t\t\t\t<h3 class=\"wd-entities-title\">\n\t\t\t\t\t<a href=\"https:\/\/www.pofocim.sk\/portfolio\/luxusna-svadba\/\" rel=\"bookmark\">Luxusn\u00e1 svadba v Penzi\u00f3ne Zlat\u00fd Jele\u0148 na Bankove pri Ko\u0161iciach<\/a>\n\t\t\t\t<\/h3>\n\t\t\t<\/div>\n\t\t<\/div>\n\t<\/header>\n<\/article>\n\t\t\t\t\t\t\t\t\n<article id=\"post-11157\" class=\"wd-project portfolio-entry wd-col masonry-item portfolio-hover proj-cat-svadobny-fotograf-robert-sedlak post-11157 portfolio type-portfolio status-publish has-post-thumbnail hentry project-cat-svadobny-fotograf-robert-sedlak\">\n\t<header class=\"entry-header\">\n\t\t\t\t\t<figure class=\"entry-thumbnail color-scheme-light\">\n\t\t\t\t<a href=\"https:\/\/www.pofocim.sk\/portfolio\/komorna-svadba-mareka-a-silvie-karlov-most\/\" class=\"portfolio-thumbnail\">\n\t\t\t\t\t<img width=\"801\" height=\"1200\" src=\"https:\/\/www.pofocim.sk\/wp-content\/uploads\/2026\/02\/SED4676.jpeg\" class=\"attachment-full size-full\" alt=\"\" decoding=\"async\" loading=\"lazy\" srcset=\"https:\/\/www.pofocim.sk\/wp-content\/uploads\/2026\/02\/SED4676.jpeg 801w, https:\/\/www.pofocim.sk\/wp-content\/uploads\/2026\/02\/SED4676-200x300.jpeg 200w, https:\/\/www.pofocim.sk\/wp-content\/uploads\/2026\/02\/SED4676-534x800.jpeg 534w, https:\/\/www.pofocim.sk\/wp-content\/uploads\/2026\/02\/SED4676-768x1151.jpeg 768w\" sizes=\"auto, (max-width: 801px) 100vw, 801px\" \/>\t\t\t\t<\/a>\n\t\t\t\t<div class=\"wd-portfolio-btns\">\n\t\t\t\t\t<div class=\"portfolio-enlarge wd-action-btn wd-style-icon wd-enlarge-icon wd-tltp wd-tltp-left\">\n\t\t\t\t\t\t<a href=\"https:\/\/www.pofocim.sk\/wp-content\/uploads\/2026\/02\/SED4676.jpeg\" data-elementor-open-lightbox=\"no\">View Large<\/a>\n\t\t\t\t\t<\/div>\n\t\t\t\t\t\t\t\t\t\t\t<div class=\"social-icons-wrapper wd-action-btn wd-style-icon wd-share-icon wd-tltp wd-tltp-left\">\n\t\t\t\t\t\t\t<a><\/a>\n\t\t\t\t\t\t\t<div class=\"wd-tooltip-label\">\n\t\t\t\t\t\t\t\t\n\t\t\t<div class=\" wd-social-icons  icons-design-default icons-size-small color-scheme-light social-share social-form-circle text-center\">\n\n\t\t\t\t\n\t\t\t\t\t\t\t\t\t<a rel=\"noopener noreferrer nofollow\" href=\"https:\/\/www.facebook.com\/sharer\/sharer.php?u=https:\/\/www.pofocim.sk\/portfolio\/komorna-svadba-mareka-a-silvie-karlov-most\/\" target=\"_blank\" class=\" wd-social-icon social-facebook\" aria-label=\"Facebook social link\">\n\t\t\t\t\t\t<span class=\"wd-icon\"><\/span>\n\t\t\t\t\t\t\t\t\t\t\t<\/a>\n\t\t\t\t\n\t\t\t\t\t\t\t\t\t<a rel=\"noopener noreferrer nofollow\" href=\"https:\/\/x.com\/share?url=https:\/\/www.pofocim.sk\/portfolio\/komorna-svadba-mareka-a-silvie-karlov-most\/\" target=\"_blank\" class=\" wd-social-icon social-twitter\" aria-label=\"X social link\">\n\t\t\t\t\t\t<span class=\"wd-icon\"><\/span>\n\t\t\t\t\t\t\t\t\t\t\t<\/a>\n\t\t\t\t\n\t\t\t\t\n\t\t\t\t\n\t\t\t\t\n\t\t\t\t\t\t\t\t\t<a rel=\"noopener noreferrer nofollow\" href=\"https:\/\/pinterest.com\/pin\/create\/button\/?url=https:\/\/www.pofocim.sk\/portfolio\/komorna-svadba-mareka-a-silvie-karlov-most\/&media=https:\/\/www.pofocim.sk\/wp-content\/uploads\/2026\/02\/SED4676.jpeg&description=Komorn%C3%A1+svadba+Mareka+a+Silvie+%7C+Karlov+most\" target=\"_blank\" class=\" wd-social-icon social-pinterest\" aria-label=\"Pinterest social link\">\n\t\t\t\t\t\t<span class=\"wd-icon\"><\/span>\n\t\t\t\t\t\t\t\t\t\t\t<\/a>\n\t\t\t\t\n\t\t\t\t\n\t\t\t\t\t\t\t\t\t<a rel=\"noopener noreferrer nofollow\" href=\"https:\/\/www.linkedin.com\/shareArticle?mini=true&url=https:\/\/www.pofocim.sk\/portfolio\/komorna-svadba-mareka-a-silvie-karlov-most\/\" target=\"_blank\" class=\" wd-social-icon social-linkedin\" aria-label=\"Linkedin social link\">\n\t\t\t\t\t\t<span class=\"wd-icon\"><\/span>\n\t\t\t\t\t\t\t\t\t\t\t<\/a>\n\t\t\t\t\n\t\t\t\t\n\t\t\t\t\n\t\t\t\t\n\t\t\t\t\n\t\t\t\t\n\t\t\t\t\n\t\t\t\t\n\t\t\t\t\n\t\t\t\t\n\t\t\t\t\t\t\t\t\n\t\t\t\t\t\t\t\t\n\t\t\t\t\n\t\t\t\t\n\t\t\t\t\n\t\t\t\t\t\t\t\t\t<a rel=\"noopener noreferrer nofollow\" href=\"https:\/\/telegram.me\/share\/url?url=https:\/\/www.pofocim.sk\/portfolio\/komorna-svadba-mareka-a-silvie-karlov-most\/\" target=\"_blank\" class=\" wd-social-icon social-tg\" aria-label=\"Telegram social link\">\n\t\t\t\t\t\t<span class=\"wd-icon\"><\/span>\n\t\t\t\t\t\t\t\t\t\t\t<\/a>\n\t\t\t\t\t\t\t\t\n\t\t\t\t\n\t\t\t<\/div>\n\n\t\t\t\t\t\t\t\t\t<\/div>\n\t\t\t\t\t\t<\/div>\n\t\t\t\t\t\t\t\t\t<\/div>\n\t\t\t<\/figure>\n\t\t\n\t\t<div class=\"portfolio-info color-scheme-light\">\n\t\t\t\t\t\t\t<div class=\"wrap-meta\">\n\t\t\t\t\t<ul class=\"proj-cats-list\">\n\t\t\t\t\t\t\t\t\t\t\t\t\t\t\t\t\t\t\t\t<li>Svadba<\/li>\n\t\t\t\t\t\t\t\t\t\t\t<\/ul>\n\t\t\t\t<\/div>\n\t\t\t\n\t\t\t<div class=\"wrap-title\">\n\t\t\t\t<h3 class=\"wd-entities-title\">\n\t\t\t\t\t<a href=\"https:\/\/www.pofocim.sk\/portfolio\/komorna-svadba-mareka-a-silvie-karlov-most\/\" rel=\"bookmark\">Komorn\u00e1 svadba Mareka a Silvie | Karlov most<\/a>\n\t\t\t\t<\/h3>\n\t\t\t<\/div>\n\t\t<\/div>\n\t<\/header>\n<\/article>\n\t\t\t\t\t\t\t\t\n<article id=\"post-9624\" class=\"wd-project portfolio-entry wd-col masonry-item portfolio-hover proj-cat-svadobny-fotograf-robert-sedlak post-9624 portfolio type-portfolio status-publish has-post-thumbnail hentry project-cat-svadobny-fotograf-robert-sedlak\">\n\t<header class=\"entry-header\">\n\t\t\t\t\t<figure class=\"entry-thumbnail color-scheme-light\">\n\t\t\t\t<a href=\"https:\/\/www.pofocim.sk\/portfolio\/svadobne-fotenie\/\" class=\"portfolio-thumbnail\">\n\t\t\t\t\t<img width=\"1367\" height=\"2048\" src=\"https:\/\/www.pofocim.sk\/wp-content\/uploads\/2024\/10\/SED7850.jpg\" class=\"attachment-full size-full\" alt=\"\" decoding=\"async\" loading=\"lazy\" srcset=\"https:\/\/www.pofocim.sk\/wp-content\/uploads\/2024\/10\/SED7850.jpg 1367w, https:\/\/www.pofocim.sk\/wp-content\/uploads\/2024\/10\/SED7850-430x644.jpg 430w, https:\/\/www.pofocim.sk\/wp-content\/uploads\/2024\/10\/SED7850-150x225.jpg 150w, https:\/\/www.pofocim.sk\/wp-content\/uploads\/2024\/10\/SED7850-700x1049.jpg 700w, https:\/\/www.pofocim.sk\/wp-content\/uploads\/2024\/10\/SED7850-200x300.jpg 200w, https:\/\/www.pofocim.sk\/wp-content\/uploads\/2024\/10\/SED7850-534x800.jpg 534w, https:\/\/www.pofocim.sk\/wp-content\/uploads\/2024\/10\/SED7850-768x1151.jpg 768w, https:\/\/www.pofocim.sk\/wp-content\/uploads\/2024\/10\/SED7850-1025x1536.jpg 1025w\" sizes=\"auto, (max-width: 1367px) 100vw, 1367px\" \/>\t\t\t\t<\/a>\n\t\t\t\t<div class=\"wd-portfolio-btns\">\n\t\t\t\t\t<div class=\"portfolio-enlarge wd-action-btn wd-style-icon wd-enlarge-icon wd-tltp wd-tltp-left\">\n\t\t\t\t\t\t<a href=\"https:\/\/www.pofocim.sk\/wp-content\/uploads\/2024\/10\/SED7850.jpg\" data-elementor-open-lightbox=\"no\">View Large<\/a>\n\t\t\t\t\t<\/div>\n\t\t\t\t\t\t\t\t\t\t\t<div class=\"social-icons-wrapper wd-action-btn wd-style-icon wd-share-icon wd-tltp wd-tltp-left\">\n\t\t\t\t\t\t\t<a><\/a>\n\t\t\t\t\t\t\t<div class=\"wd-tooltip-label\">\n\t\t\t\t\t\t\t\t\n\t\t\t<div class=\" wd-social-icons  icons-design-default icons-size-small color-scheme-light social-share social-form-circle text-center\">\n\n\t\t\t\t\n\t\t\t\t\t\t\t\t\t<a rel=\"noopener noreferrer nofollow\" href=\"https:\/\/www.facebook.com\/sharer\/sharer.php?u=https:\/\/www.pofocim.sk\/portfolio\/svadobne-fotenie\/\" target=\"_blank\" class=\" wd-social-icon social-facebook\" aria-label=\"Facebook social link\">\n\t\t\t\t\t\t<span class=\"wd-icon\"><\/span>\n\t\t\t\t\t\t\t\t\t\t\t<\/a>\n\t\t\t\t\n\t\t\t\t\t\t\t\t\t<a rel=\"noopener noreferrer nofollow\" href=\"https:\/\/x.com\/share?url=https:\/\/www.pofocim.sk\/portfolio\/svadobne-fotenie\/\" target=\"_blank\" class=\" wd-social-icon social-twitter\" aria-label=\"X social link\">\n\t\t\t\t\t\t<span class=\"wd-icon\"><\/span>\n\t\t\t\t\t\t\t\t\t\t\t<\/a>\n\t\t\t\t\n\t\t\t\t\n\t\t\t\t\n\t\t\t\t\n\t\t\t\t\t\t\t\t\t<a rel=\"noopener noreferrer nofollow\" href=\"https:\/\/pinterest.com\/pin\/create\/button\/?url=https:\/\/www.pofocim.sk\/portfolio\/svadobne-fotenie\/&media=https:\/\/www.pofocim.sk\/wp-content\/uploads\/2024\/10\/SED7850.jpg&description=Svadobn%C3%A9+fotenie+A%2BJ+v+Ko%C5%A1iciach\" target=\"_blank\" class=\" wd-social-icon social-pinterest\" aria-label=\"Pinterest social link\">\n\t\t\t\t\t\t<span class=\"wd-icon\"><\/span>\n\t\t\t\t\t\t\t\t\t\t\t<\/a>\n\t\t\t\t\n\t\t\t\t\n\t\t\t\t\t\t\t\t\t<a rel=\"noopener noreferrer nofollow\" href=\"https:\/\/www.linkedin.com\/shareArticle?mini=true&url=https:\/\/www.pofocim.sk\/portfolio\/svadobne-fotenie\/\" target=\"_blank\" class=\" wd-social-icon social-linkedin\" aria-label=\"Linkedin social link\">\n\t\t\t\t\t\t<span class=\"wd-icon\"><\/span>\n\t\t\t\t\t\t\t\t\t\t\t<\/a>\n\t\t\t\t\n\t\t\t\t\n\t\t\t\t\n\t\t\t\t\n\t\t\t\t\n\t\t\t\t\n\t\t\t\t\n\t\t\t\t\n\t\t\t\t\n\t\t\t\t\n\t\t\t\t\t\t\t\t\n\t\t\t\t\t\t\t\t\n\t\t\t\t\n\t\t\t\t\n\t\t\t\t\n\t\t\t\t\t\t\t\t\t<a rel=\"noopener noreferrer nofollow\" href=\"https:\/\/telegram.me\/share\/url?url=https:\/\/www.pofocim.sk\/portfolio\/svadobne-fotenie\/\" target=\"_blank\" class=\" wd-social-icon social-tg\" aria-label=\"Telegram social link\">\n\t\t\t\t\t\t<span class=\"wd-icon\"><\/span>\n\t\t\t\t\t\t\t\t\t\t\t<\/a>\n\t\t\t\t\t\t\t\t\n\t\t\t\t\n\t\t\t<\/div>\n\n\t\t\t\t\t\t\t\t\t<\/div>\n\t\t\t\t\t\t<\/div>\n\t\t\t\t\t\t\t\t\t<\/div>\n\t\t\t<\/figure>\n\t\t\n\t\t<div class=\"portfolio-info color-scheme-light\">\n\t\t\t\t\t\t\t<div class=\"wrap-meta\">\n\t\t\t\t\t<ul class=\"proj-cats-list\">\n\t\t\t\t\t\t\t\t\t\t\t\t\t\t\t\t\t\t\t\t<li>Svadba<\/li>\n\t\t\t\t\t\t\t\t\t\t\t<\/ul>\n\t\t\t\t<\/div>\n\t\t\t\n\t\t\t<div class=\"wrap-title\">\n\t\t\t\t<h3 class=\"wd-entities-title\">\n\t\t\t\t\t<a href=\"https:\/\/www.pofocim.sk\/portfolio\/svadobne-fotenie\/\" rel=\"bookmark\">Svadobn\u00e9 fotenie A+J v Ko\u0161iciach<\/a>\n\t\t\t\t<\/h3>\n\t\t\t<\/div>\n\t\t<\/div>\n\t<\/header>\n<\/article>\n\t\t\n\t\t\n\t\t\n\t\t\t\t\t","status":"have-posts","nextPage":"https:\/\/www.pofocim.sk\/portfolio-svadobna-a-portretna-fotografia\/page\/3\/?woo_ajax=1","currentPage":"https:\/\/www.pofocim.sk\/portfolio-svadobna-a-portretna-fotografia\/page\/2"}